{"id":3321,"date":"2015-06-21T15:41:10","date_gmt":"2015-06-21T13:41:10","guid":{"rendered":"http:\/\/musitestwordpress.azurewebsites.net\/?p=3321"},"modified":"2017-09-05T18:47:05","modified_gmt":"2017-09-05T16:47:05","slug":"marschwertung-in-prambachkirchen","status":"publish","type":"post","link":"http:\/\/www.musik-hartkirchen.at\/hp\/marschwertung-in-prambachkirchen\/","title":{"rendered":"Marschwertung in Prambachkirchen"},"content":{"rendered":"<p>Bei der diesj\u00e4hrigen Marschwertung des Bezirkes Eferding in Prambachkirchen konnten wir, unter der Leitung von Stabf\u00fchrer Gernot Augdoppler, in der<strong> Leistungsstufe D<\/strong> neben einem<strong> Ausgezeichneten Erfolg mit 92,94 Punkten<\/strong> auch die <strong>Tagesh\u00f6chstpunktzahl<\/strong> aller teilnehmenden Musikkapellen erreichen.<\/p>\n","protected":false},"excerpt":{"rendered":"<p>Bei der diesj\u00e4hrigen Marschwertung des Bezirkes Eferding in Prambachkirchen konnten wir, unter der Leitung von Stabf\u00fchrer Gernot Augdoppler, in der Leistungsstufe D neben einem Ausgezeichneten Erfolg mit 92,94 Punkten auch die Tagesh\u00f6chstpunktzahl aller teilnehmenden Musikkapellen erreichen.<\/p>\n","protected":false},"author":3,"featured_media":3331,"comment_status":"open","ping_status":"open","sticky":false,"template":"","format":"standard","meta":[],"categories":[7],"tags":[],"amp_enabled":true,"_links":{"self":[{"href":"http:\/\/www.musik-hartkirchen.at\/hp\/wp-json\/wp\/v2\/posts\/3321"}],"collection":[{"href":"http:\/\/www.musik-hartkirchen.at\/hp\/wp-json\/wp\/v2\/posts"}],"about":[{"href":"http:\/\/www.musik-hartkirchen.at\/hp\/wp-json\/wp\/v2\/types\/post"}],"author":[{"embeddable":true,"href":"http:\/\/www.musik-hartkirchen.at\/hp\/wp-json\/wp\/v2\/users\/3"}],"replies":[{"embeddable":true,"href":"http:\/\/www.musik-hartkirchen.at\/hp\/wp-json\/wp\/v2\/comments?post=3321"}],"version-history":[{"count":1,"href":"http:\/\/www.musik-hartkirchen.at\/hp\/wp-json\/wp\/v2\/posts\/3321\/revisions"}],"predecessor-version":[{"id":4232,"href":"http:\/\/www.musik-hartkirchen.at\/hp\/wp-json\/wp\/v2\/posts\/3321\/revisions\/4232"}],"wp:featuredmedia":[{"embeddable":true,"href":"http:\/\/www.musik-hartkirchen.at\/hp\/wp-json\/"}],"wp:attachment":[{"href":"http:\/\/www.musik-hartkirchen.at\/hp\/wp-json\/wp\/v2\/media?parent=3321"}],"wp:term":[{"taxonomy":"category","embeddable":true,"href":"http:\/\/www.musik-hartkirchen.at\/hp\/wp-json\/wp\/v2\/categories?post=3321"},{"taxonomy":"post_tag","embeddable":true,"href":"http:\/\/www.musik-hartkirchen.at\/hp\/wp-json\/wp\/v2\/tags?post=3321"}],"curies":[{"name":"wp","href":"https:\/\/api.w.org\/{rel}","templated":true}]}}