{"id":361,"date":"2015-11-07T14:00:07","date_gmt":"2015-11-07T13:00:07","guid":{"rendered":"http:\/\/musitestwordpress.azurewebsites.net\/?p=361"},"modified":"2017-09-05T18:54:30","modified_gmt":"2017-09-05T16:54:30","slug":"konzertwertung","status":"publish","type":"post","link":"http:\/\/www.musik-hartkirchen.at\/hp\/konzertwertung\/","title":{"rendered":"Konzertwertung 2015"},"content":{"rendered":"<p>Am 7. November nahmen wir im Br\u00e4uhaus Eferding an der Konzertwertung des Bezirkes Eferding teil.<br \/>\nAls einzige der insgesamt 10 teilnehmenden Musikkapellen traten wird in der <strong>Kunststufe D<\/strong> an. Mit der Ouvert\u00fcre &#8222;Wiener Blut&#8220; und dem Kunstst\u00fcck &#8222;Man in the Ice&#8220; konnten wir unter der Leitung von Kapellmeister Manfred J\u00e4ger die Jury \u00fcberzeugen und <strong>128 Punkte<\/strong> erspielen.<\/p>\n<p>Kurzer Bericht zur Konzertwertung auf BTV: <a href=\"http:\/\/www.btv.cc\/system\/web\/video.aspx?bezirkonr=0&amp;detailonr=225259843&amp;menuonr=224898649\">http:\/\/www.btv.cc\/system\/web\/video.aspx<\/a><\/p>\n","protected":false},"excerpt":{"rendered":"<p>Am 7. November nahmen wir im Br\u00e4uhaus Eferding an der Konzertwertung des Bezirkes Eferding teil. Als einzige der insgesamt 10 teilnehmenden Musikkapellen traten wird in der Kunststufe D an. Mit der Ouvert\u00fcre &#8222;Wiener Blut&#8220; und dem Kunstst\u00fcck &#8222;Man in the Ice&#8220; konnten wir unter der Leitung von Kapellmeister Manfred J\u00e4ger <a class=\"more-link\" href=\"http:\/\/www.musik-hartkirchen.at\/hp\/konzertwertung\/\">Weiterlesen \u2192<\/a><\/p>\n","protected":false},"author":3,"featured_media":3864,"comment_status":"open","ping_status":"open","sticky":false,"template":"","format":"standard","meta":[],"categories":[7],"tags":[],"amp_enabled":true,"_links":{"self":[{"href":"http:\/\/www.musik-hartkirchen.at\/hp\/wp-json\/wp\/v2\/posts\/361"}],"collection":[{"href":"http:\/\/www.musik-hartkirchen.at\/hp\/wp-json\/wp\/v2\/posts"}],"about":[{"href":"http:\/\/www.musik-hartkirchen.at\/hp\/wp-json\/wp\/v2\/types\/post"}],"author":[{"embeddable":true,"href":"http:\/\/www.musik-hartkirchen.at\/hp\/wp-json\/wp\/v2\/users\/3"}],"replies":[{"embeddable":true,"href":"http:\/\/www.musik-hartkirchen.at\/hp\/wp-json\/wp\/v2\/comments?post=361"}],"version-history":[{"count":2,"href":"http:\/\/www.musik-hartkirchen.at\/hp\/wp-json\/wp\/v2\/posts\/361\/revisions"}],"predecessor-version":[{"id":3865,"href":"http:\/\/www.musik-hartkirchen.at\/hp\/wp-json\/wp\/v2\/posts\/361\/revisions\/3865"}],"wp:featuredmedia":[{"embeddable":true,"href":"http:\/\/www.musik-hartkirchen.at\/hp\/wp-json\/wp\/v2\/media\/3864"}],"wp:attachment":[{"href":"http:\/\/www.musik-hartkirchen.at\/hp\/wp-json\/wp\/v2\/media?parent=361"}],"wp:term":[{"taxonomy":"category","embeddable":true,"href":"http:\/\/www.musik-hartkirchen.at\/hp\/wp-json\/wp\/v2\/categories?post=361"},{"taxonomy":"post_tag","embeddable":true,"href":"http:\/\/www.musik-hartkirchen.at\/hp\/wp-json\/wp\/v2\/tags?post=361"}],"curies":[{"name":"wp","href":"https:\/\/api.w.org\/{rel}","templated":true}]}}