{"id":3923,"date":"2016-08-14T15:00:41","date_gmt":"2016-08-14T13:00:41","guid":{"rendered":"http:\/\/www.musik-hartkirchen.at\/hp\/?p=3923"},"modified":"2017-09-05T18:52:56","modified_gmt":"2017-09-05T16:52:56","slug":"fruehschoppen-zeltfest-haizing","status":"publish","type":"post","link":"http:\/\/www.musik-hartkirchen.at\/hp\/fruehschoppen-zeltfest-haizing\/","title":{"rendered":"Fr\u00fchschoppen Zeltfest Haizing"},"content":{"rendered":"<p>Wie bereits im Vorjahr durften wir auch 2016 wieder den Fr\u00fchschoppen des Zeltfestes Haizing musikalisch umrahmen. Weil uns die Kameraden der FF Haizing bei unserem letzten Bezirksmusikfest so tatkr\u00e4ftig unterst\u00fctzt haben, spielten wir 2015 als Dank daf\u00fcr bei ihrem Fr\u00fchschoppen und durften daraufhin auch 2016 wieder im vollbesetzten Festzelt auftreten. Ein Ohrwurm folgte dem N\u00e4chsten und so dauerte es nicht lange, bis wir das Publikum stehend auf den Bierb\u00e4nken vorfanden.<\/p>\n","protected":false},"excerpt":{"rendered":"<p>Wie bereits im Vorjahr durften wir auch 2016 wieder den Fr\u00fchschoppen des Zeltfestes Haizing musikalisch umrahmen. Weil uns die Kameraden der FF Haizing bei unserem letzten Bezirksmusikfest so tatkr\u00e4ftig unterst\u00fctzt haben, spielten wir 2015 als Dank daf\u00fcr bei ihrem Fr\u00fchschoppen und durften daraufhin auch 2016 wieder im vollbesetzten Festzelt auftreten. <a class=\"more-link\" href=\"http:\/\/www.musik-hartkirchen.at\/hp\/fruehschoppen-zeltfest-haizing\/\">Weiterlesen \u2192<\/a><\/p>\n","protected":false},"author":3,"featured_media":3924,"comment_status":"open","ping_status":"open","sticky":false,"template":"","format":"standard","meta":[],"categories":[5],"tags":[],"amp_enabled":true,"_links":{"self":[{"href":"http:\/\/www.musik-hartkirchen.at\/hp\/wp-json\/wp\/v2\/posts\/3923"}],"collection":[{"href":"http:\/\/www.musik-hartkirchen.at\/hp\/wp-json\/wp\/v2\/posts"}],"about":[{"href":"http:\/\/www.musik-hartkirchen.at\/hp\/wp-json\/wp\/v2\/types\/post"}],"author":[{"embeddable":true,"href":"http:\/\/www.musik-hartkirchen.at\/hp\/wp-json\/wp\/v2\/users\/3"}],"replies":[{"embeddable":true,"href":"http:\/\/www.musik-hartkirchen.at\/hp\/wp-json\/wp\/v2\/comments?post=3923"}],"version-history":[{"count":1,"href":"http:\/\/www.musik-hartkirchen.at\/hp\/wp-json\/wp\/v2\/posts\/3923\/revisions"}],"predecessor-version":[{"id":3925,"href":"http:\/\/www.musik-hartkirchen.at\/hp\/wp-json\/wp\/v2\/posts\/3923\/revisions\/3925"}],"wp:featuredmedia":[{"embeddable":true,"href":"http:\/\/www.musik-hartkirchen.at\/hp\/wp-json\/wp\/v2\/media\/3924"}],"wp:attachment":[{"href":"http:\/\/www.musik-hartkirchen.at\/hp\/wp-json\/wp\/v2\/media?parent=3923"}],"wp:term":[{"taxonomy":"category","embeddable":true,"href":"http:\/\/www.musik-hartkirchen.at\/hp\/wp-json\/wp\/v2\/categories?post=3923"},{"taxonomy":"post_tag","embeddable":true,"href":"http:\/\/www.musik-hartkirchen.at\/hp\/wp-json\/wp\/v2\/tags?post=3923"}],"curies":[{"name":"wp","href":"https:\/\/api.w.org\/{rel}","templated":true}]}}