{"id":4135,"date":"2016-07-23T20:00:10","date_gmt":"2016-07-23T18:00:10","guid":{"rendered":"http:\/\/www.musik-hartkirchen.at\/hp\/?p=4135"},"modified":"2017-09-05T18:53:07","modified_gmt":"2017-09-05T16:53:07","slug":"kinderferienaktion-der-musikkapelle-hartkirchen","status":"publish","type":"post","link":"http:\/\/www.musik-hartkirchen.at\/hp\/kinderferienaktion-der-musikkapelle-hartkirchen\/","title":{"rendered":"Kinderferienaktion der Musikkapelle Hartkirchen"},"content":{"rendered":"<p>Am 23. Juli 2016 veranstaltete die Musikkapelle Hartkirchen eine Kinderferienaktion, bei der 36 Kinder teilgenommen haben. Zuerst wurden kurz die einzelnen Instrumente inklusive ihrer Besonderheiten vorgestellt. Anschlie\u00dfend konnten die Kinder bei verschiedenen Stationen (Instrumentenh\u00fcrdenlauf, Marschbuch fischen, Dinge ertasten, \u2026) ihr Geschick und ihr Wissen unter Beweis stellen.<\/p>\n<p>Das absolute Highlight war das gemeinsame Musizieren und Marschieren zum Kaufhaus \u201eSpar\u201c in Hartkirchen, wo sich die Kinder mit einem k\u00fchlen Eis erfrischen konnten. Die Musikkapelle Hartkirchen bedankt sich f\u00fcr die rege Teilnahme und f\u00fcr den lustigen Tag!<\/p>\n<p>Wir hoffen, dass wir die Eine oder den Anderen bald als Mitglied bei der Musikkapelle Hartkirchen begr\u00fc\u00dfen d\u00fcrfen. Bei Interesse melden Sie sich bitte bei unserer Jugendreferentin Gabi Lahner (0664\/21 93 062) oder bei den Stellvertreterinnen Michaela Hebenstreit (0650\/48 41 600) bzw. Eva Wimmer (0650\/85 00 402).<\/p>\n","protected":false},"excerpt":{"rendered":"<p>Am 23. Juli 2016 veranstaltete die Musikkapelle Hartkirchen eine Kinderferienaktion, bei der 36 Kinder teilgenommen haben. Zuerst wurden kurz die einzelnen Instrumente inklusive ihrer Besonderheiten vorgestellt. Anschlie\u00dfend konnten die Kinder bei verschiedenen Stationen (Instrumentenh\u00fcrdenlauf, Marschbuch fischen, Dinge ertasten, \u2026) ihr Geschick und ihr Wissen unter Beweis stellen. Das absolute Highlight <a class=\"more-link\" href=\"http:\/\/www.musik-hartkirchen.at\/hp\/kinderferienaktion-der-musikkapelle-hartkirchen\/\">Weiterlesen \u2192<\/a><\/p>\n","protected":false},"author":3,"featured_media":0,"comment_status":"open","ping_status":"open","sticky":false,"template":"","format":"gallery","meta":[],"categories":[5],"tags":[],"amp_enabled":true,"_links":{"self":[{"href":"http:\/\/www.musik-hartkirchen.at\/hp\/wp-json\/wp\/v2\/posts\/4135"}],"collection":[{"href":"http:\/\/www.musik-hartkirchen.at\/hp\/wp-json\/wp\/v2\/posts"}],"about":[{"href":"http:\/\/www.musik-hartkirchen.at\/hp\/wp-json\/wp\/v2\/types\/post"}],"author":[{"embeddable":true,"href":"http:\/\/www.musik-hartkirchen.at\/hp\/wp-json\/wp\/v2\/users\/3"}],"replies":[{"embeddable":true,"href":"http:\/\/www.musik-hartkirchen.at\/hp\/wp-json\/wp\/v2\/comments?post=4135"}],"version-history":[{"count":1,"href":"http:\/\/www.musik-hartkirchen.at\/hp\/wp-json\/wp\/v2\/posts\/4135\/revisions"}],"predecessor-version":[{"id":4136,"href":"http:\/\/www.musik-hartkirchen.at\/hp\/wp-json\/wp\/v2\/posts\/4135\/revisions\/4136"}],"wp:attachment":[{"href":"http:\/\/www.musik-hartkirchen.at\/hp\/wp-json\/wp\/v2\/media?parent=4135"}],"wp:term":[{"taxonomy":"category","embeddable":true,"href":"http:\/\/www.musik-hartkirchen.at\/hp\/wp-json\/wp\/v2\/categories?post=4135"},{"taxonomy":"post_tag","embeddable":true,"href":"http:\/\/www.musik-hartkirchen.at\/hp\/wp-json\/wp\/v2\/tags?post=4135"}],"curies":[{"name":"wp","href":"https:\/\/api.w.org\/{rel}","templated":true}]}}