{"id":4511,"date":"2020-01-19T20:30:06","date_gmt":"2020-01-19T19:30:06","guid":{"rendered":"http:\/\/www.musik-hartkirchen.at\/hp\/?p=4511"},"modified":"2020-01-26T20:46:32","modified_gmt":"2020-01-26T19:46:32","slug":"ueberreichung-der-im-jahr-2019-abgelegten-jungmusiker-leistungsabzeichen-im-bezirk-eferding","status":"publish","type":"post","link":"http:\/\/www.musik-hartkirchen.at\/hp\/ueberreichung-der-im-jahr-2019-abgelegten-jungmusiker-leistungsabzeichen-im-bezirk-eferding\/","title":{"rendered":"\u00dcberreichung der im Jahr 2019 abgelegten Jungmusiker-Leistungsabzeichen im Bezirk Eferding"},"content":{"rendered":"<p>Am 19. Januar 2020 erfolgte die feierliche \u00dcberreichung der im Jahr 2019 abgelegten Leistungsabzeichen f\u00fcr Jungmusiker im Bezirk Eferding. Die Verleihung fand im Rahmen einer Veranstaltung des O\u00d6BV Eferding im Schaunburgsaal der Musikschule Hartkirchen statt. Alle Absolventinnen und Absolventen eines Junior-, Bronze oder Silber-Leistungsabzeichen im Jahr 2019 wurden an diesem musikalischen Vormittag durch die Bezirksleitung Eferding geehrt. Teilnehmerinnen und Teilnehmer des Ensemblewettbewerbs &#8222;Musik in kleinen Gruppen&#8220; gestalteten den Vormittag musikalisch. Herzliche Gratulation an alle geehrten Musikerinnen und Musiker!<\/p>\n","protected":false},"excerpt":{"rendered":"<p>Am 19. Januar 2020 erfolgte die feierliche \u00dcberreichung der im Jahr 2019 abgelegten Leistungsabzeichen f\u00fcr Jungmusiker im Bezirk Eferding. Die Verleihung fand im Rahmen einer Veranstaltung des O\u00d6BV Eferding im Schaunburgsaal der Musikschule Hartkirchen statt. Alle Absolventinnen und Absolventen eines Junior-, Bronze oder Silber-Leistungsabzeichen im Jahr 2019 wurden an diesem <a class=\"more-link\" href=\"http:\/\/www.musik-hartkirchen.at\/hp\/ueberreichung-der-im-jahr-2019-abgelegten-jungmusiker-leistungsabzeichen-im-bezirk-eferding\/\">Weiterlesen \u2192<\/a><\/p>\n","protected":false},"author":3,"featured_media":4513,"comment_status":"closed","ping_status":"open","sticky":false,"template":"","format":"standard","meta":[],"categories":[1,10,2],"tags":[],"amp_enabled":true,"_links":{"self":[{"href":"http:\/\/www.musik-hartkirchen.at\/hp\/wp-json\/wp\/v2\/posts\/4511"}],"collection":[{"href":"http:\/\/www.musik-hartkirchen.at\/hp\/wp-json\/wp\/v2\/posts"}],"about":[{"href":"http:\/\/www.musik-hartkirchen.at\/hp\/wp-json\/wp\/v2\/types\/post"}],"author":[{"embeddable":true,"href":"http:\/\/www.musik-hartkirchen.at\/hp\/wp-json\/wp\/v2\/users\/3"}],"replies":[{"embeddable":true,"href":"http:\/\/www.musik-hartkirchen.at\/hp\/wp-json\/wp\/v2\/comments?post=4511"}],"version-history":[{"count":3,"href":"http:\/\/www.musik-hartkirchen.at\/hp\/wp-json\/wp\/v2\/posts\/4511\/revisions"}],"predecessor-version":[{"id":4516,"href":"http:\/\/www.musik-hartkirchen.at\/hp\/wp-json\/wp\/v2\/posts\/4511\/revisions\/4516"}],"wp:featuredmedia":[{"embeddable":true,"href":"http:\/\/www.musik-hartkirchen.at\/hp\/wp-json\/wp\/v2\/media\/4513"}],"wp:attachment":[{"href":"http:\/\/www.musik-hartkirchen.at\/hp\/wp-json\/wp\/v2\/media?parent=4511"}],"wp:term":[{"taxonomy":"category","embeddable":true,"href":"http:\/\/www.musik-hartkirchen.at\/hp\/wp-json\/wp\/v2\/categories?post=4511"},{"taxonomy":"post_tag","embeddable":true,"href":"http:\/\/www.musik-hartkirchen.at\/hp\/wp-json\/wp\/v2\/tags?post=4511"}],"curies":[{"name":"wp","href":"https:\/\/api.w.org\/{rel}","templated":true}]}}