{"id":4803,"date":"2023-11-04T15:00:07","date_gmt":"2023-11-04T14:00:07","guid":{"rendered":"http:\/\/www.musik-hartkirchen.at\/hp\/?p=4803"},"modified":"2023-11-05T20:42:07","modified_gmt":"2023-11-05T19:42:07","slug":"probentag-2024","status":"publish","type":"post","link":"http:\/\/www.musik-hartkirchen.at\/hp\/probentag-2024\/","title":{"rendered":"Probentag 2024"},"content":{"rendered":"\n<p>Wir haben f\u00fcr unser anstehendes Weihnachtskonzert einen Probentag abgehalten. Am Vormittag probten Holzbl\u00e4ser, Blechbl\u00e4ser und Schlagzeug separat mit fachkompetenten Referenten. Nachmittags wurde das am Vormittag erarbeitete Programm in der Gesamtprobe zusammengef\u00fcgt. Ein Probentag ist eine tolle Erg\u00e4nzung zu den w\u00f6chentlichen Proben und hilft sehr, einzelne schwierige Sequenzen zu erarbeiten. <\/p>\n\n\n\n<p><\/p>\n\n\n\n<figure class=\"wp-block-image\"><img alt=\"\"\/><\/figure>\n","protected":false},"excerpt":{"rendered":"<p>Wir haben f\u00fcr unser anstehendes Weihnachtskonzert einen Probentag abgehalten. Am Vormittag probten Holzbl\u00e4ser, Blechbl\u00e4ser und Schlagzeug separat mit fachkompetenten Referenten. Nachmittags wurde das am Vormittag erarbeitete Programm in der Gesamtprobe zusammengef\u00fcgt. Ein Probentag ist eine tolle Erg\u00e4nzung zu den w\u00f6chentlichen Proben und hilft sehr, einzelne schwierige Sequenzen zu erarbeiten.<\/p>\n","protected":false},"author":3,"featured_media":4809,"comment_status":"closed","ping_status":"open","sticky":false,"template":"","format":"standard","meta":[],"categories":[14,2],"tags":[],"amp_enabled":true,"_links":{"self":[{"href":"http:\/\/www.musik-hartkirchen.at\/hp\/wp-json\/wp\/v2\/posts\/4803"}],"collection":[{"href":"http:\/\/www.musik-hartkirchen.at\/hp\/wp-json\/wp\/v2\/posts"}],"about":[{"href":"http:\/\/www.musik-hartkirchen.at\/hp\/wp-json\/wp\/v2\/types\/post"}],"author":[{"embeddable":true,"href":"http:\/\/www.musik-hartkirchen.at\/hp\/wp-json\/wp\/v2\/users\/3"}],"replies":[{"embeddable":true,"href":"http:\/\/www.musik-hartkirchen.at\/hp\/wp-json\/wp\/v2\/comments?post=4803"}],"version-history":[{"count":2,"href":"http:\/\/www.musik-hartkirchen.at\/hp\/wp-json\/wp\/v2\/posts\/4803\/revisions"}],"predecessor-version":[{"id":4810,"href":"http:\/\/www.musik-hartkirchen.at\/hp\/wp-json\/wp\/v2\/posts\/4803\/revisions\/4810"}],"wp:featuredmedia":[{"embeddable":true,"href":"http:\/\/www.musik-hartkirchen.at\/hp\/wp-json\/wp\/v2\/media\/4809"}],"wp:attachment":[{"href":"http:\/\/www.musik-hartkirchen.at\/hp\/wp-json\/wp\/v2\/media?parent=4803"}],"wp:term":[{"taxonomy":"category","embeddable":true,"href":"http:\/\/www.musik-hartkirchen.at\/hp\/wp-json\/wp\/v2\/categories?post=4803"},{"taxonomy":"post_tag","embeddable":true,"href":"http:\/\/www.musik-hartkirchen.at\/hp\/wp-json\/wp\/v2\/tags?post=4803"}],"curies":[{"name":"wp","href":"https:\/\/api.w.org\/{rel}","templated":true}]}}