{"id":4805,"date":"2023-07-09T17:00:25","date_gmt":"2023-07-09T15:00:25","guid":{"rendered":"http:\/\/www.musik-hartkirchen.at\/hp\/?p=4805"},"modified":"2023-11-05T20:36:27","modified_gmt":"2023-11-05T19:36:27","slug":"fruehschoppen-landesgartenschau","status":"publish","type":"post","link":"http:\/\/www.musik-hartkirchen.at\/hp\/fruehschoppen-landesgartenschau\/","title":{"rendered":"Fr\u00fchschoppen Landesgartenschau"},"content":{"rendered":"\n<p>Am Sonntag, 9. Juli waren wir zu Besuch im sch\u00f6nen Wolfsegg im Hausruck. Im Rahmen der dort stattfindenden Landesgartenschau durften wir am einen Fr\u00fchschoppen gestalten. Die einzigartige Aussicht auf der Gartenzeit-B\u00fchne mit Blick auf den Traunstein war ein Highlight f\u00fcr in uns. Trotz der sehr warmen Temperaturen legten wir noch eine Schippe drauf und heizten den Zuh\u00f6rerinnen und Zuh\u00f6rern musikalisch ein.<\/p>\n","protected":false},"excerpt":{"rendered":"<p>Am Sonntag, 9. Juli waren wir zu Besuch im sch\u00f6nen Wolfsegg im Hausruck. Im Rahmen der dort stattfindenden Landesgartenschau durften wir am einen Fr\u00fchschoppen gestalten. Die einzigartige Aussicht auf der Gartenzeit-B\u00fchne mit Blick auf den Traunstein war ein Highlight f\u00fcr in uns. Trotz der sehr warmen Temperaturen legten wir noch <a class=\"more-link\" href=\"http:\/\/www.musik-hartkirchen.at\/hp\/fruehschoppen-landesgartenschau\/\">Weiterlesen \u2192<\/a><\/p>\n","protected":false},"author":3,"featured_media":0,"comment_status":"closed","ping_status":"open","sticky":false,"template":"","format":"standard","meta":[],"categories":[14,2],"tags":[],"amp_enabled":true,"_links":{"self":[{"href":"http:\/\/www.musik-hartkirchen.at\/hp\/wp-json\/wp\/v2\/posts\/4805"}],"collection":[{"href":"http:\/\/www.musik-hartkirchen.at\/hp\/wp-json\/wp\/v2\/posts"}],"about":[{"href":"http:\/\/www.musik-hartkirchen.at\/hp\/wp-json\/wp\/v2\/types\/post"}],"author":[{"embeddable":true,"href":"http:\/\/www.musik-hartkirchen.at\/hp\/wp-json\/wp\/v2\/users\/3"}],"replies":[{"embeddable":true,"href":"http:\/\/www.musik-hartkirchen.at\/hp\/wp-json\/wp\/v2\/comments?post=4805"}],"version-history":[{"count":1,"href":"http:\/\/www.musik-hartkirchen.at\/hp\/wp-json\/wp\/v2\/posts\/4805\/revisions"}],"predecessor-version":[{"id":4806,"href":"http:\/\/www.musik-hartkirchen.at\/hp\/wp-json\/wp\/v2\/posts\/4805\/revisions\/4806"}],"wp:attachment":[{"href":"http:\/\/www.musik-hartkirchen.at\/hp\/wp-json\/wp\/v2\/media?parent=4805"}],"wp:term":[{"taxonomy":"category","embeddable":true,"href":"http:\/\/www.musik-hartkirchen.at\/hp\/wp-json\/wp\/v2\/categories?post=4805"},{"taxonomy":"post_tag","embeddable":true,"href":"http:\/\/www.musik-hartkirchen.at\/hp\/wp-json\/wp\/v2\/tags?post=4805"}],"curies":[{"name":"wp","href":"https:\/\/api.w.org\/{rel}","templated":true}]}}