{"id":4895,"date":"2024-09-25T20:37:49","date_gmt":"2024-09-25T18:37:49","guid":{"rendered":"http:\/\/www.musik-hartkirchen.at\/hp\/?p=4895"},"modified":"2024-09-25T20:41:37","modified_gmt":"2024-09-25T18:41:37","slug":"musiausflug-nach-wien-2024","status":"publish","type":"post","link":"http:\/\/www.musik-hartkirchen.at\/hp\/musiausflug-nach-wien-2024\/","title":{"rendered":"Musiausflug nach Wien 2024"},"content":{"rendered":"\n<p>Vom 7. bis 8. September 2024 unternahmen wir einen Ausflug in die Hauptstadt Wien.&nbsp;<\/p>\n\n\n\n<p>Am Samstagmorgen starteten wir fr\u00fch in Hartkirchen unsere Reise in Richtung Wien. Die erste Station unseres Ausflugs war der Wiener Zentralfriedhof. Hier nahmen wir an einer \u00e4u\u00dferst interessanten und informativen F\u00fchrung teil. Besonders eindrucksvoll war es, die Gr\u00e4ber ber\u00fchmter Pers\u00f6nlichkeiten der Musikgeschichte, wie Beethoven und Falco, zu besichtigen.&nbsp;<\/p>\n\n\n\n<p>Nach dieser ersten kulturellen Erfahrung checkten wir in unserem Hotel ein. Am Nachmittag stand dann der Besuch der Volksoper auf dem Programm. Hier erhielten wir eine exklusive F\u00fchrung hinter die Kulissen. Ein besonderes Highlight war, dass wir unseren Trompeter Andreas Aichinger, der Teil des Orchesters der Volksoper ist, besuchen konnten und er uns seinen Arbeitsplatz zeigte.&nbsp;&nbsp;<\/p>\n\n\n\n<p>Am Abend kr\u00f6nten wir den Tag mit dem Besuch des Musicals <em>The Sound of Music, <\/em>bei dem auch Andi im Orchester mitspielte. Die Auff\u00fchrung war beeindruckend und sorgte f\u00fcr einen stimmungsvollen Abschluss des ersten Tages. Nach dem Musical lie\u00dfen wir den Abend gem\u00fctlich bei den ein oder anderen Getr\u00e4nk in den Wiener Bars ausklingen.&nbsp;<\/p>\n\n\n\n<p>Am Sonntag besuchten wir den Wiener Prater. Hier verbrachen wir einen Vormittag voller Spa\u00df und Abenteuer, als wir mit einigen der ber\u00fchmten Fahrgesch\u00e4fte fuhren.&nbsp;&nbsp;<\/p>\n\n\n\n<p>Zum Mittagessen trafen wir uns im Schweizerhaus, wo wir uns nach einem lustigen Vormittag st\u00e4rkten. Gut ges\u00e4ttigt und mit vielen sch\u00f6nen Eindr\u00fccken im Gep\u00e4ck traten wir am Nachmittag die Heimreise an.&nbsp;&nbsp;<\/p>\n\n\n\n<style id=\"bwg-style-0\">    #bwg_container1_0 #bwg_container2_0 .bwg-container-0.bwg-standard-thumbnails {      width: 1254px;              justify-content: center;        margin:0 auto !important;              background-color: rgba(255, 255, 255, 0.00);            padding-left: 4px;      padding-top: 4px;      max-width: 100%;            }        #bwg_container1_0 #bwg_container2_0 .bwg-container-0.bwg-standard-thumbnails .bwg-item {    justify-content: flex-start;      max-width: 250px;          }    #bwg_container1_0 #bwg_container2_0 .bwg-container-0.bwg-standard-thumbnails .bwg-item a {       margin-right: 4px;       margin-bottom: 4px;    }    #bwg_container1_0 #bwg_container2_0 .bwg-container-0.bwg-standard-thumbnails .bwg-item0 {      padding: 0px;            background-color:rgba(255,255,255, 0.30);      border: 0px none #CCCCCC;      opacity: 1.00;      border-radius: 0;      box-shadow: 0px 0px 0px #888888;    }    #bwg_container1_0 #bwg_container2_0 .bwg-container-0.bwg-standard-thumbnails .bwg-item1 img {      max-height: none;      max-width: none;      padding: 0 !important;    }        @media only screen and (min-width: 480px) {      #bwg_container1_0 #bwg_container2_0 .bwg-container-0.bwg-standard-thumbnails .bwg-item0 {        transition: all 0.3s ease 0s;-webkit-transition: all 0.3s ease 0s;      }      #bwg_container1_0 #bwg_container2_0 .bwg-container-0.bwg-standard-thumbnails .bwg-item0:hover {        -ms-transform: scale(1.1);        -webkit-transform: scale(1.1);        transform: scale(1.1);      }    }          #bwg_container1_0 #bwg_container2_0 .bwg-container-0.bwg-standard-thumbnails .bwg-item1 {      padding-top: 56%;    }        #bwg_container1_0 #bwg_container2_0 .bwg-container-0.bwg-standard-thumbnails .bwg-title2,    #bwg_container1_0 #bwg_container2_0 .bwg-container-0.bwg-standard-thumbnails .bwg-ecommerce2 {      color: #CCCCCC;      font-family: segoe ui;      font-size: 16px;      font-weight: bold;      padding: 2px;      text-shadow: 0px 0px 0px #888888;      max-height: 100%;    }    #bwg_container1_0 #bwg_container2_0 .bwg-container-0.bwg-standard-thumbnails .bwg-thumb-description span {    color: #323A45;    font-family: Ubuntu;    font-size: 12px;    max-height: 100%;    word-wrap: break-word;    }    #bwg_container1_0 #bwg_container2_0 .bwg-container-0.bwg-standard-thumbnails .bwg-play-icon2 {      font-size: 32px;    }    #bwg_container1_0 #bwg_container2_0 .bwg-container-0.bwg-standard-thumbnails .bwg-ecommerce2 {      font-size: 19.2px;      color: #CCCCCC;    }    <\/style>    <div id=\"bwg_container1_0\"         class=\"bwg_container bwg_thumbnail bwg_thumbnails \"         data-right-click-protection=\"0\"         data-bwg=\"0\"         data-scroll=\"0\"         data-gallery-type=\"thumbnails\"         data-gallery-view-type=\"thumbnails\"         data-current-url=\"\/hp\/wp-json\/wp\/v2\/posts\/4895\"         data-lightbox-url=\"http:\/\/www.musik-hartkirchen.at\/hp\/wp-admin\/admin-ajax.php?action=GalleryBox&#038;current_view=0&#038;gallery_id=48&#038;tag=0&#038;theme_id=1&#038;shortcode_id=127&#038;sort_by=order&#038;order_by=asc&#038;current_url=%2Fhp%2Fwp-json%2Fwp%2Fv2%2Fposts%2F4895\"         data-gallery-id=\"48\"         data-popup-width=\"800\"         data-popup-height=\"500\"         data-is-album=\"gallery\"         data-buttons-position=\"bottom\">      <div id=\"bwg_container2_0\">             <div id=\"ajax_loading_0\" class=\"bwg_loading_div_1\">      <div class=\"bwg_loading_div_2\">        <div class=\"bwg_loading_div_3\">          <div id=\"loading_div_0\" class=\"bwg_spider_ajax_loading\">          <\/div>        <\/div>      <\/div>    <\/div>            <form id=\"gal_front_form_0\"              class=\"bwg-hidden\"              method=\"post\"              action=\"#\"              data-current=\"0\"              data-shortcode-id=\"127\"              data-gallery-type=\"thumbnails\"              data-gallery-id=\"48\"              data-tag=\"0\"              data-album-id=\"0\"              data-theme-id=\"1\"              data-ajax-url=\"http:\/\/www.musik-hartkirchen.at\/hp\/wp-admin\/admin-ajax.php?action=bwg_frontend_data\">          <div id=\"bwg_container3_0\" class=\"bwg-background bwg-background-0\">                <div data-max-count=\"5\"         data-thumbnail-width=\"250\"         data-bwg=\"0\"         data-gallery-id=\"48\"         data-lightbox-url=\"http:\/\/www.musik-hartkirchen.at\/hp\/wp-admin\/admin-ajax.php?action=GalleryBox&amp;current_view=0&amp;gallery_id=48&amp;tag=0&amp;theme_id=1&amp;shortcode_id=127&amp;sort_by=order&amp;order_by=asc&amp;current_url=%2Fhp%2Fwp-json%2Fwp%2Fv2%2Fposts%2F4895\"         id=\"bwg_thumbnails_0\"         class=\"bwg-container-0 bwg-thumbnails bwg-standard-thumbnails bwg-container bwg-border-box\">            <div class=\"bwg-item\">        <a class=\"bwg-a  bwg_lightbox\"  data-image-id=\"1091\" href=\"http:\/\/www.musik-hartkirchen.at\/hp\/wp-content\/uploads\/photo-gallery\/IMG-20240908-WA0018-min.jpg?bwg=1727289281\" data-elementor-open-lightbox=\"no\">                <div class=\"bwg-item0 \">          <div class=\"bwg-item1 \">            <div class=\"bwg-item2\">              <img class=\"skip-lazy bwg_standart_thumb_img_0 \"                   data-id=\"1091\"                   data-width=\"500.00\"                   data-height=\"375.00\"                   data-src=\"http:\/\/www.musik-hartkirchen.at\/hp\/wp-content\/uploads\/photo-gallery\/thumb\/IMG-20240908-WA0018-min.jpg?bwg=1727289281\"                   src=\"http:\/\/www.musik-hartkirchen.at\/hp\/wp-content\/uploads\/photo-gallery\/thumb\/IMG-20240908-WA0018-min.jpg?bwg=1727289281\"                   alt=\"IMG-20240908-WA0018-min\"                   title=\"IMG-20240908-WA0018-min\" \/>            <\/div>            <div class=\"\">                                                      <\/div>          <\/div>        <\/div>                        <\/a>              <\/div>            <div class=\"bwg-item\">        <a class=\"bwg-a  bwg_lightbox\"  data-image-id=\"1092\" href=\"http:\/\/www.musik-hartkirchen.at\/hp\/wp-content\/uploads\/photo-gallery\/WhatsApp-Image-2024-09-09-at-09.48.39-2-min.jpeg?bwg=1727289281\" data-elementor-open-lightbox=\"no\">                <div class=\"bwg-item0 \">          <div class=\"bwg-item1 \">            <div class=\"bwg-item2\">              <img class=\"skip-lazy bwg_standart_thumb_img_0 \"                   data-id=\"1092\"                   data-width=\"500.00\"                   data-height=\"375.00\"                   data-src=\"http:\/\/www.musik-hartkirchen.at\/hp\/wp-content\/uploads\/photo-gallery\/thumb\/WhatsApp-Image-2024-09-09-at-09.48.39-2-min.jpeg?bwg=1727289281\"                   src=\"http:\/\/www.musik-hartkirchen.at\/hp\/wp-content\/uploads\/photo-gallery\/thumb\/WhatsApp-Image-2024-09-09-at-09.48.39-2-min.jpeg?bwg=1727289281\"                   alt=\"WhatsApp-Image-2024-09-09-at-09.48.39-2-min\"                   title=\"WhatsApp-Image-2024-09-09-at-09.48.39-2-min\" \/>            <\/div>            <div class=\"\">                                                      <\/div>          <\/div>        <\/div>                        <\/a>              <\/div>            <div class=\"bwg-item\">        <a class=\"bwg-a  bwg_lightbox\"  data-image-id=\"1093\" href=\"http:\/\/www.musik-hartkirchen.at\/hp\/wp-content\/uploads\/photo-gallery\/WhatsApp-Image-2024-09-09-at-09.48.39-3-min.jpeg?bwg=1727289281\" data-elementor-open-lightbox=\"no\">                <div class=\"bwg-item0 \">          <div class=\"bwg-item1 \">            <div class=\"bwg-item2\">              <img class=\"skip-lazy bwg_standart_thumb_img_0 \"                   data-id=\"1093\"                   data-width=\"500.00\"                   data-height=\"375.00\"                   data-src=\"http:\/\/www.musik-hartkirchen.at\/hp\/wp-content\/uploads\/photo-gallery\/thumb\/WhatsApp-Image-2024-09-09-at-09.48.39-3-min.jpeg?bwg=1727289281\"                   src=\"http:\/\/www.musik-hartkirchen.at\/hp\/wp-content\/uploads\/photo-gallery\/thumb\/WhatsApp-Image-2024-09-09-at-09.48.39-3-min.jpeg?bwg=1727289281\"                   alt=\"WhatsApp-Image-2024-09-09-at-09.48.39-3-min\"                   title=\"WhatsApp-Image-2024-09-09-at-09.48.39-3-min\" \/>            <\/div>            <div class=\"\">                                                      <\/div>          <\/div>        <\/div>                        <\/a>              <\/div>            <div class=\"bwg-item\">        <a class=\"bwg-a  bwg_lightbox\"  data-image-id=\"1094\" href=\"http:\/\/www.musik-hartkirchen.at\/hp\/wp-content\/uploads\/photo-gallery\/IMG-20240908-WA0033-min.jpg?bwg=1727289281\" data-elementor-open-lightbox=\"no\">                <div class=\"bwg-item0 \">          <div class=\"bwg-item1 \">            <div class=\"bwg-item2\">              <img class=\"skip-lazy bwg_standart_thumb_img_0 \"                   data-id=\"1094\"                   data-width=\"500.00\"                   data-height=\"375.00\"                   data-src=\"http:\/\/www.musik-hartkirchen.at\/hp\/wp-content\/uploads\/photo-gallery\/thumb\/IMG-20240908-WA0033-min.jpg?bwg=1727289281\"                   src=\"http:\/\/www.musik-hartkirchen.at\/hp\/wp-content\/uploads\/photo-gallery\/thumb\/IMG-20240908-WA0033-min.jpg?bwg=1727289281\"                   alt=\"IMG-20240908-WA0033-min\"                   title=\"IMG-20240908-WA0033-min\" \/>            <\/div>            <div class=\"\">                                                      <\/div>          <\/div>        <\/div>                        <\/a>              <\/div>            <div class=\"bwg-item\">        <a class=\"bwg-a  bwg_lightbox\"  data-image-id=\"1095\" href=\"http:\/\/www.musik-hartkirchen.at\/hp\/wp-content\/uploads\/photo-gallery\/IMG-20240908-WA0025-min.jpg?bwg=1727289281\" data-elementor-open-lightbox=\"no\">                <div class=\"bwg-item0 \">          <div class=\"bwg-item1 \">            <div class=\"bwg-item2\">              <img class=\"skip-lazy bwg_standart_thumb_img_0 \"                   data-id=\"1095\"                   data-width=\"500.00\"                   data-height=\"281.00\"                   data-src=\"http:\/\/www.musik-hartkirchen.at\/hp\/wp-content\/uploads\/photo-gallery\/thumb\/IMG-20240908-WA0025-min.jpg?bwg=1727289281\"                   src=\"http:\/\/www.musik-hartkirchen.at\/hp\/wp-content\/uploads\/photo-gallery\/thumb\/IMG-20240908-WA0025-min.jpg?bwg=1727289281\"                   alt=\"IMG-20240908-WA0025-min\"                   title=\"IMG-20240908-WA0025-min\" \/>            <\/div>            <div class=\"\">                                                      <\/div>          <\/div>        <\/div>                        <\/a>              <\/div>            <div class=\"bwg-item\">        <a class=\"bwg-a  bwg_lightbox\"  data-image-id=\"1096\" href=\"http:\/\/www.musik-hartkirchen.at\/hp\/wp-content\/uploads\/photo-gallery\/WhatsApp-Image-2024-09-09-at-09.48.39-4-min.jpeg?bwg=1727289281\" data-elementor-open-lightbox=\"no\">                <div class=\"bwg-item0 \">          <div class=\"bwg-item1 \">            <div class=\"bwg-item2\">              <img class=\"skip-lazy bwg_standart_thumb_img_0 \"                   data-id=\"1096\"                   data-width=\"500.00\"                   data-height=\"375.00\"                   data-src=\"http:\/\/www.musik-hartkirchen.at\/hp\/wp-content\/uploads\/photo-gallery\/thumb\/WhatsApp-Image-2024-09-09-at-09.48.39-4-min.jpeg?bwg=1727289281\"                   src=\"http:\/\/www.musik-hartkirchen.at\/hp\/wp-content\/uploads\/photo-gallery\/thumb\/WhatsApp-Image-2024-09-09-at-09.48.39-4-min.jpeg?bwg=1727289281\"                   alt=\"WhatsApp-Image-2024-09-09-at-09.48.39-4-min\"                   title=\"WhatsApp-Image-2024-09-09-at-09.48.39-4-min\" \/>            <\/div>            <div class=\"\">                                                      <\/div>          <\/div>        <\/div>                        <\/a>              <\/div>            <div class=\"bwg-item\">        <a class=\"bwg-a  bwg_lightbox\"  data-image-id=\"1097\" href=\"http:\/\/www.musik-hartkirchen.at\/hp\/wp-content\/uploads\/photo-gallery\/IMG-20240908-WA0011-min.jpg?bwg=1727289281\" data-elementor-open-lightbox=\"no\">                <div class=\"bwg-item0 \">          <div class=\"bwg-item1 \">            <div class=\"bwg-item2\">              <img class=\"skip-lazy bwg_standart_thumb_img_0 \"                   data-id=\"1097\"                   data-width=\"374.00\"                   data-height=\"500.00\"                   data-src=\"http:\/\/www.musik-hartkirchen.at\/hp\/wp-content\/uploads\/photo-gallery\/thumb\/IMG-20240908-WA0011-min.jpg?bwg=1727289281\"                   src=\"http:\/\/www.musik-hartkirchen.at\/hp\/wp-content\/uploads\/photo-gallery\/thumb\/IMG-20240908-WA0011-min.jpg?bwg=1727289281\"                   alt=\"IMG-20240908-WA0011-min\"                   title=\"IMG-20240908-WA0011-min\" \/>            <\/div>            <div class=\"\">                                                      <\/div>          <\/div>        <\/div>                        <\/a>              <\/div>            <div class=\"bwg-item\">        <a class=\"bwg-a  bwg_lightbox\"  data-image-id=\"1098\" href=\"http:\/\/www.musik-hartkirchen.at\/hp\/wp-content\/uploads\/photo-gallery\/IMG-20240908-WA0009-min.jpg?bwg=1727289281\" data-elementor-open-lightbox=\"no\">                <div class=\"bwg-item0 \">          <div class=\"bwg-item1 \">            <div class=\"bwg-item2\">              <img class=\"skip-lazy bwg_standart_thumb_img_0 \"                   data-id=\"1098\"                   data-width=\"375.00\"                   data-height=\"500.00\"                   data-src=\"http:\/\/www.musik-hartkirchen.at\/hp\/wp-content\/uploads\/photo-gallery\/thumb\/IMG-20240908-WA0009-min.jpg?bwg=1727289281\"                   src=\"http:\/\/www.musik-hartkirchen.at\/hp\/wp-content\/uploads\/photo-gallery\/thumb\/IMG-20240908-WA0009-min.jpg?bwg=1727289281\"                   alt=\"IMG-20240908-WA0009-min\"                   title=\"IMG-20240908-WA0009-min\" \/>            <\/div>            <div class=\"\">                                                      <\/div>          <\/div>        <\/div>                        <\/a>              <\/div>            <div class=\"bwg-item\">        <a class=\"bwg-a  bwg_lightbox\"  data-image-id=\"1099\" href=\"http:\/\/www.musik-hartkirchen.at\/hp\/wp-content\/uploads\/photo-gallery\/IMG-20240908-WA0012-min.jpg?bwg=1727289281\" data-elementor-open-lightbox=\"no\">                <div class=\"bwg-item0 \">          <div class=\"bwg-item1 \">            <div class=\"bwg-item2\">              <img class=\"skip-lazy bwg_standart_thumb_img_0 \"                   data-id=\"1099\"                   data-width=\"500.00\"                   data-height=\"375.00\"                   data-src=\"http:\/\/www.musik-hartkirchen.at\/hp\/wp-content\/uploads\/photo-gallery\/thumb\/IMG-20240908-WA0012-min.jpg?bwg=1727289281\"                   src=\"http:\/\/www.musik-hartkirchen.at\/hp\/wp-content\/uploads\/photo-gallery\/thumb\/IMG-20240908-WA0012-min.jpg?bwg=1727289281\"                   alt=\"IMG-20240908-WA0012-min\"                   title=\"IMG-20240908-WA0012-min\" \/>            <\/div>            <div class=\"\">                                                      <\/div>          <\/div>        <\/div>                        <\/a>              <\/div>            <div class=\"bwg-item\">        <a class=\"bwg-a  bwg_lightbox\"  data-image-id=\"1100\" href=\"http:\/\/www.musik-hartkirchen.at\/hp\/wp-content\/uploads\/photo-gallery\/IMG-20240908-WA0015-min.jpg?bwg=1727289281\" data-elementor-open-lightbox=\"no\">                <div class=\"bwg-item0 \">          <div class=\"bwg-item1 \">            <div class=\"bwg-item2\">              <img class=\"skip-lazy bwg_standart_thumb_img_0 \"                   data-id=\"1100\"                   data-width=\"500.00\"                   data-height=\"374.00\"                   data-src=\"http:\/\/www.musik-hartkirchen.at\/hp\/wp-content\/uploads\/photo-gallery\/thumb\/IMG-20240908-WA0015-min.jpg?bwg=1727289281\"                   src=\"http:\/\/www.musik-hartkirchen.at\/hp\/wp-content\/uploads\/photo-gallery\/thumb\/IMG-20240908-WA0015-min.jpg?bwg=1727289281\"                   alt=\"IMG-20240908-WA0015-min\"                   title=\"IMG-20240908-WA0015-min\" \/>            <\/div>            <div class=\"\">                                                      <\/div>          <\/div>        <\/div>                        <\/a>              <\/div>            <div class=\"bwg-item\">        <a class=\"bwg-a  bwg_lightbox\"  data-image-id=\"1101\" href=\"http:\/\/www.musik-hartkirchen.at\/hp\/wp-content\/uploads\/photo-gallery\/IMG-20240908-WA0016-min.jpg?bwg=1727289281\" data-elementor-open-lightbox=\"no\">                <div class=\"bwg-item0 \">          <div class=\"bwg-item1 \">            <div class=\"bwg-item2\">              <img class=\"skip-lazy bwg_standart_thumb_img_0 \"                   data-id=\"1101\"                   data-width=\"374.00\"                   data-height=\"500.00\"                   data-src=\"http:\/\/www.musik-hartkirchen.at\/hp\/wp-content\/uploads\/photo-gallery\/thumb\/IMG-20240908-WA0016-min.jpg?bwg=1727289281\"                   src=\"http:\/\/www.musik-hartkirchen.at\/hp\/wp-content\/uploads\/photo-gallery\/thumb\/IMG-20240908-WA0016-min.jpg?bwg=1727289281\"                   alt=\"IMG-20240908-WA0016-min\"                   title=\"IMG-20240908-WA0016-min\" \/>            <\/div>            <div class=\"\">                                                      <\/div>          <\/div>        <\/div>                        <\/a>              <\/div>          <\/div>    <style>      \/*pagination styles*\/      #bwg_container1_0 #bwg_container2_0 .tablenav-pages_0 {\t\t\t\ttext-align: center;\t\t\t\tfont-size: 12px;\t\t\t\tfont-family: segoe ui;\t\t\t\tfont-weight: bold;\t\t\t\tcolor: #666666;\t\t\t\tmargin: 6px 0 4px;\t\t\t\tdisplay: block;      }      @media only screen and (max-width : 320px) {      #bwg_container1_0 #bwg_container2_0 .displaying-num_0 {     \t display: none;      }      }      #bwg_container1_0 #bwg_container2_0 .displaying-num_0 {\t\t\t\tfont-size: 12px;\t\t\t\tfont-family: segoe ui;\t\t\t\tfont-weight: bold;\t\t\t\tcolor: #666666;\t\t\t\tmargin-right: 10px;\t\t\t\tvertical-align: middle;      }      #bwg_container1_0 #bwg_container2_0 .paging-input_0 {\t\t\t\tfont-size: 12px;\t\t\t\tfont-family: segoe ui;\t\t\t\tfont-weight: bold;\t\t\t\tcolor: #666666;\t\t\t\tvertical-align: middle;      }      #bwg_container1_0 #bwg_container2_0 .tablenav-pages_0 a.disabled,      #bwg_container1_0 #bwg_container2_0 .tablenav-pages_0 a.disabled:hover,      #bwg_container1_0 #bwg_container2_0 .tablenav-pages_0 a.disabled:focus,\t\t\t#bwg_container1_0 #bwg_container2_0 .tablenav-pages_0 input.bwg_current_page {\t\t\t\tcursor: default;\t\t\t\tcolor: rgba(102, 102, 102, 0.5);      }      #bwg_container1_0 #bwg_container2_0 .tablenav-pages_0 a,      #bwg_container1_0 #bwg_container2_0 .tablenav-pages_0 input.bwg_current_page {\t\t\t\tcursor: pointer;\t\t\t\ttext-align: center;\t\t\t\tfont-size: 12px;\t\t\t\tfont-family: segoe ui;\t\t\t\tfont-weight: bold;\t\t\t\tcolor: #666666;\t\t\t\ttext-decoration: none;\t\t\t\tpadding: 3px 6px;\t\t\t\tmargin: 0;\t\t\t\tborder-radius: 0;\t\t\t\tborder-style: solid;\t\t\t\tborder-width: 1px;\t\t\t\tborder-color: #E3E3E3;\t\t\t\t\t\t\t\tbackground-color: rgba(255, 255, 255, 1.00);\t\t\t\tbox-shadow: 0;\t\t\t\ttransition: all 0.3s ease 0s;-webkit-transition: all 0.3s ease 0s;      }      <\/style>      <span class=\"bwg_nav_cont_0\">              <div class=\"tablenav-pages_0\">                  <\/div>                <input type=\"hidden\" id=\"page_number_0\" name=\"page_number_0\" value=\"1\" \/>      <script type=\"text\/javascript\">        if( jQuery('.bwg_nav_cont_0').length > 1 ) {          jQuery('.bwg_nav_cont_0').first().remove()        }        function spider_page_0(cur, x, y, load_more) {          if (typeof load_more == \"undefined\") {            var load_more = false;          }          if (jQuery(cur).hasClass('disabled')) {            return false;          }          var items_county_0 = 1;          switch (y) {            case 1:              if (x >= items_county_0) {                document.getElementById('page_number_0').value = items_county_0;              }              else {                document.getElementById('page_number_0').value = x + 1;              }              break;            case 2:              document.getElementById('page_number_0').value = items_county_0;              break;            case -1:              if (x == 1) {                document.getElementById('page_number_0').value = 1;              }              else {                document.getElementById('page_number_0').value = x - 1;              }              break;            case -2:              document.getElementById('page_number_0').value = 1;              break;\t\t\t\t\t\tcase 0:              document.getElementById('page_number_0').value = x;              break;            default:              document.getElementById('page_number_0').value = 1;          }          bwg_ajax('gal_front_form_0', '0', 'bwg_thumbnails_0', '0', '', 'gallery', 0, '', '', load_more, '', 1);        }                    jQuery('.first-page-0').on('click', function () {              spider_page_0(this, 1, -2, 'numeric');              return false;            });            jQuery('.prev-page-0').on('click', function () {              spider_page_0(this, 1, -1, 'numeric');              return false;            });            jQuery('.next-page-0').on('click', function () {              spider_page_0(this, 1, 1, 'numeric');              return false;            });            jQuery('.last-page-0').on('click', function () {              spider_page_0(this, 1, 2, 'numeric');              return false;            });        \t\t\t\t\/* Change page on input enter. *\/        function bwg_change_page_0( e, that ) {          if (  e.key == 'Enter' ) {            var to_page = parseInt(jQuery(that).val());            var pages_count = jQuery(that).parents(\".pagination-links\").data(\"pages-count\");            var current_url_param = jQuery(that).attr('data-url-info');            if (to_page > pages_count) {              to_page = 1;            }\t \t\t\t\t\t\t\t\t\t\t\t\tspider_page_0(this, to_page, 0, 'numeric');\t\t\t\t\t\t\treturn false;\t\t\t\t\t\t          }          return true;        }        jQuery('.bwg_load_btn_0').on('click', function () {            spider_page_0(this, 1, 1, true);            return false;        });      <\/script>      <\/span>                <\/div>        <\/form>        <style>          #bwg_container1_0 #bwg_container2_0 #spider_popup_overlay_0 {          background-color: #000000;          opacity: 0.70;          }          <\/style>        <div id=\"bwg_spider_popup_loading_0\" class=\"bwg_spider_popup_loading\"><\/div>        <div id=\"spider_popup_overlay_0\" class=\"spider_popup_overlay\" onclick=\"spider_destroypopup(1000)\"><\/div>        <input type=\"hidden\" id=\"bwg_random_seed_0\" value=\"1513839972\">                <\/div>    <\/div>    <script>      if (document.readyState === 'complete') {        if( typeof bwg_main_ready == 'function' ) {          if ( jQuery(\"#bwg_container1_0\").height() ) {            bwg_main_ready(jQuery(\"#bwg_container1_0\"));          }        }      } else {        document.addEventListener('DOMContentLoaded', function() {          if( typeof bwg_main_ready == 'function' ) {            if ( jQuery(\"#bwg_container1_0\").height() ) {             bwg_main_ready(jQuery(\"#bwg_container1_0\"));            }          }        });      }    <\/script>    \n","protected":false},"excerpt":{"rendered":"<p>Vom 7. bis 8. September 2024 unternahmen wir einen Ausflug in die Hauptstadt Wien.&nbsp; Am Samstagmorgen starteten wir fr\u00fch in Hartkirchen unsere Reise in Richtung Wien. Die erste Station unseres Ausflugs war der Wiener Zentralfriedhof. Hier nahmen wir an einer \u00e4u\u00dferst interessanten und informativen F\u00fchrung teil. Besonders eindrucksvoll war es, <a class=\"more-link\" href=\"http:\/\/www.musik-hartkirchen.at\/hp\/musiausflug-nach-wien-2024\/\">Weiterlesen \u2192<\/a><\/p>\n","protected":false},"author":4,"featured_media":4897,"comment_status":"closed","ping_status":"open","sticky":false,"template":"","format":"standard","meta":[],"categories":[1,25],"tags":[],"amp_enabled":true,"_links":{"self":[{"href":"http:\/\/www.musik-hartkirchen.at\/hp\/wp-json\/wp\/v2\/posts\/4895"}],"collection":[{"href":"http:\/\/www.musik-hartkirchen.at\/hp\/wp-json\/wp\/v2\/posts"}],"about":[{"href":"http:\/\/www.musik-hartkirchen.at\/hp\/wp-json\/wp\/v2\/types\/post"}],"author":[{"embeddable":true,"href":"http:\/\/www.musik-hartkirchen.at\/hp\/wp-json\/wp\/v2\/users\/4"}],"replies":[{"embeddable":true,"href":"http:\/\/www.musik-hartkirchen.at\/hp\/wp-json\/wp\/v2\/comments?post=4895"}],"version-history":[{"count":1,"href":"http:\/\/www.musik-hartkirchen.at\/hp\/wp-json\/wp\/v2\/posts\/4895\/revisions"}],"predecessor-version":[{"id":4896,"href":"http:\/\/www.musik-hartkirchen.at\/hp\/wp-json\/wp\/v2\/posts\/4895\/revisions\/4896"}],"wp:featuredmedia":[{"embeddable":true,"href":"http:\/\/www.musik-hartkirchen.at\/hp\/wp-json\/wp\/v2\/media\/4897"}],"wp:attachment":[{"href":"http:\/\/www.musik-hartkirchen.at\/hp\/wp-json\/wp\/v2\/media?parent=4895"}],"wp:term":[{"taxonomy":"category","embeddable":true,"href":"http:\/\/www.musik-hartkirchen.at\/hp\/wp-json\/wp\/v2\/categories?post=4895"},{"taxonomy":"post_tag","embeddable":true,"href":"http:\/\/www.musik-hartkirchen.at\/hp\/wp-json\/wp\/v2\/tags?post=4895"}],"curies":[{"name":"wp","href":"https:\/\/api.w.org\/{rel}","templated":true}]}}